{"id":5684,"date":"2024-10-24T13:38:30","date_gmt":"2024-10-24T11:38:30","guid":{"rendered":"https:\/\/www.turkali-architekten.de\/?p=5684"},"modified":"2026-02-27T11:50:46","modified_gmt":"2026-02-27T10:50:46","slug":"zentrum-st-nicolai","status":"publish","type":"post","link":"https:\/\/www.turkali-architekten.de\/en\/zentrum-st-nicolai\/","title":{"rendered":"Zentrum St. Nicolai Frankfurt"},"content":{"rendered":"<p><a href=\"\/wp-content\/uploads\/2026\/02\/CE850-106P-scaled.jpg\"><img decoding=\"async\" src=\"\/wp-content\/uploads\/2026\/02\/CE850-106P-scaled.jpg\" alt=\"Zentrum St. Nicolai, Frankfurt \u2013 Gemeindezentrum und Wohnungsbau\"><\/a><\/p>\n<h1>Zentrum St. Nikolai Frankfurt<\/h1>\n<p><img decoding=\"async\" src=\"\/wp-content\/uploads\/2024\/11\/ZSN-210106-Schwarzplan_AUSSCHNITT.jpg\" alt=\"\"><\/p>\n<div>\n<h3>Projekt-Daten<\/h3>\n<\/div>\n<ul>\n<li>\n<h3>Planung:<\/h3>\n<div>\n<p>Zvonko Turkali Architekten<\/p>\n<\/div>\n<\/li>\n<li>\n<h3>Bauherr:<\/h3>\n<div>\n<p>Ev. Regionalverband Frankfurt\/Offenbach<br \/>Baugenossenschaft Frankfurt am Main eG<\/p>\n<\/div>\n<\/li>\n<li>\n<h3>Standort:<\/h3>\n<div>\n<p>Waldschmidtstr.116, Frankfurt am Main<\/p>\n<\/div>\n<\/li>\n<li>\n<h3>Fotografie:<\/h3>\n<div>Christian Eblenkamp<\/div>\n<\/li>\n<\/ul>\n<div>\n<p>Zwischen Kirche und neu geplantem Wohngeb\u00e4ude entsteht ein neuer Hofraum. Dieser Raum ist ein besonderer Ort, ein \u00dcbergangsraum von der Stra\u00dfe in das Gemeindezentrum und die Kirche. Dieser unter einer gro\u00dfen ovalen \u00d6ffnung definierte Hofraum ist f\u00fcr vielseitige Aktivit\u00e4ten geeignet, zumal der Gemeindesaal- und die Gruppenr\u00e4ume direkt angrenzend geplant sind. An sch\u00f6nen Sonnentagen k\u00f6nnen die R\u00e4ume vollst\u00e4ndig zum Hof ge\u00f6ffnet werden. Zwischen Innen und Au\u00dfen entsteht somit ein r\u00e4umliches Kontinuum ohne Stufen, ohne Grenzen. Jeder Besucher, unabh\u00e4ngig vom Alter, des kulturellen und sozialen Hintergrunds sowie Interessen ist willkommen.<\/p>\n<p>Das identit\u00e4tspr\u00e4gende Element des Hofes ist ein neu gepflanzter, gro\u00dfkroniger Laubbaum. Um seinen Stamm herum kann eine Sand- oder Rasenfl\u00e4che entstehen, die als Spielplatz f\u00fcr die Kleinsten dient. Bedingt durch die N\u00e4he der neuen K\u00fcche kann der Hof als kleine Caf\u00e9terrasse genutzt werden.<\/p>\n<p>Wir sehen das Gemeindehaus als Teil der Kirche: Der Zugang in das Gemeindehaus erfolgt sowohl vom Hof aus, als auch aus der Kirche. So dient das Seitenschiff der Kirche der Erschlie\u00dfung vom Gemeindesaal, samt dem angrenzenden Gruppenraum. Hiermit wird die enge Verkn\u00fcpfung zwischen Gemeindehaus und Kirche herausgestellt und zugleich eine Fl\u00e4che in ihrer Nutzung optimiert. Zu beiden Seiten des Mittelschiffs der Kirche ist eine gefaltete, bemalte Glaswand vorgesehen. Auf der einen Seite kann dadurch das Gemeindehaus bei Bedarf sowohl akustisch, als auch visuell vom Kirchenraum abgetrennt werden. Auf der anderen Seite des Mittelschiffs entsteht ein zus\u00e4tzlicher Gruppenraum.<\/p>\n<p>Die hohe Flexibilit\u00e4t in der Nutzung vom Gemeindesaal und Gruppenraum 1 wird durch ein mit perforiertem Eichenholz beplanktem, quer zum Raum angeordnetem Wandelement unterst\u00fctzt. Stufenlos \u00fcber die Tiefe des Raumes bewegt, kann der etwa 145 qm gro\u00dfe Saal in zwei je nach Erfordernis gro\u00dfe, eigenst\u00e4ndig erschlossene Einheiten unterteilt werden.<\/p>\n<p>Zu weiteren <a href=\"https:\/\/www.turkali-architekten.de\/de\/projekte\/oeffentliche-bauten\/\">\u00d6ffentlichen Bauten<\/a><\/p>\n<\/div>\n<div>\n<p>        <img decoding=\"async\" src=\"\/wp-content\/uploads\/2026\/02\/Zentrum-St.-Nicolai-Strassenansicht-scaled.jpg\" alt=\"Zentrum St. Nicolai Stra\u00dfenansicht \"><\/p>\n<h3>Stra\u00dfenansicht <\/h3>\n<p><a href=\"\/wp-content\/uploads\/2024\/11\/zsn_skizze.jpg\"><\/a><\/p>\n<\/div>\n<div>\n<p>        <img decoding=\"async\" src=\"\/wp-content\/uploads\/2024\/10\/turkali-st-nicolai-frankfurt-strasse-v05_6000px-scaled.jpg\" alt=\"Visualisierung des Gemeindezentrums St. Nicolai\"><\/p>\n<h3>Visualisierung<\/h3>\n<p><a href=\"\/wp-content\/uploads\/2024\/10\/turkali-st-nicolai-frankfurt-strasse-v05_6000px-scaled.jpg\"><\/a><\/p>\n<\/div>\n<div>\n<p>        <img decoding=\"async\" src=\"\/wp-content\/uploads\/2026\/02\/Zentrum-St.-Nicolai-Lichteinfall-scaled-e1772187475148.jpg\" alt=\"\"><\/p>\n<p><a href=\"\/wp-content\/uploads\/2026\/02\/Zentrum-St.-Nicolai-Lichteinfall-scaled-e1772187475148.jpg\"><\/a><\/p>\n<\/div>\n<div>\n<p>        <img decoding=\"async\" src=\"\/wp-content\/uploads\/2026\/02\/Zentrum-St.-Nicolai-Pfarrgemeinde-scaled.jpg\" alt=\"Modell des Gemeindezentrums St. Nicolai\"><\/p>\n<h3>Pfarrgemeinde<\/h3>\n<p><a href=\"\/wp-content\/uploads\/2024\/11\/zsn_Modell_sw.jpg\"><\/a><\/p>\n<\/div>\n<div>\n<p>        <img decoding=\"async\" src=\"\/wp-content\/uploads\/2026\/02\/Zentrum-St.-Nicolai-Gemeindesaal-scaled.jpg\" alt=\"Zentrum St. Nicolai Gemeindesaal\"><\/p>\n<h3>Gemeindesaal<\/h3>\n<p><a href=\"\/wp-content\/uploads\/2026\/02\/Zentrum-St.-Nicolai-Gemeindesaal-scaled.jpg\"><\/a><\/p>\n<\/div>\n<div>\n<p>        <img decoding=\"async\" src=\"\/wp-content\/uploads\/2026\/02\/Zentrum-St.-Nicolai-Seitenschiff-scaled.jpg\" alt=\"Zentrum St. Nicolai Seitenschiff \"><\/p>\n<h3>Seitenschiff<\/h3>\n<p><a href=\"\/wp-content\/uploads\/2026\/02\/Zentrum-St.-Nicolai-Seitenschiff-scaled.jpg\"><\/a><\/p>\n<\/div>\n<div>\n<p>        <img decoding=\"async\" src=\"\/wp-content\/uploads\/2026\/02\/Zentrum-St.-Nicolai-Eingang-Wohnhaus-scaled.jpg\" alt=\"Zentrum St. Nicolai Wohnhaus Turkali Architekten\"><\/p>\n<h3>Wohnhaus Eingang<\/h3>\n<p><a href=\"\/wp-content\/uploads\/2026\/02\/Zentrum-St.-Nicolai-Eingang-Wohnhaus-scaled.jpg\"><\/a><\/p>\n<\/div>\n<div>\n<p>        <img decoding=\"async\" src=\"\/wp-content\/uploads\/2026\/02\/Zentrum-St.-Nicolai-Blick-auf-die-Skyline-scaled-e1772188497569.jpg\" alt=\"Zentrum St. Nicolai Skyline Turkali Architekten\"><\/p>\n<h3>Blick auf die Skyline<\/h3>\n<p><a href=\"\/wp-content\/uploads\/2026\/02\/Zentrum-St.-Nicolai-Blick-auf-die-Skyline-scaled-e1772188406980.jpg\"><\/a><\/p>\n<\/div>\n<div>\n<p>        <img decoding=\"async\" src=\"\/wp-content\/uploads\/2026\/02\/Zentrum-St.-Nicolai-Wohnhaus-Treppenhaus-scaled.jpg\" alt=\"Zentrum St. Nicolai in Frankfurt Wohnhaus Treppenhau\"><\/p>\n<h3>Wohnhaus Treppenhaus<\/h3>\n<p><a href=\"\/wp-content\/uploads\/2026\/02\/Zentrum-St.-Nicolai-Wohnhaus-Treppenhaus-scaled.jpg\"><\/a><\/p>\n<\/div>\n<p><!--more--><br \/>\n<!-- {\"type\":\"layout\",\"children\":[{\"type\":\"section\",\"props\":{\"css\":\"  .el-section {\\n\\tpadding:128px 0px;\\n\\t}\\n\\n@media only screen and (max-width: 600px) {\\n  .el-section {\\n\\tpadding:20px 0px;\\n\\t}\\n}\",\"image_position\":\"center-center\",\"style\":\"default\",\"title_breakpoint\":\"xl\",\"title_position\":\"top-left\",\"title_rotation\":\"left\",\"vertical_align\":\"\",\"width\":\"default\"},\"children\":[{\"type\":\"row\",\"props\":{\"layout\":\"2-3,1-3\"},\"children\":[{\"type\":\"column\",\"props\":{\"css\":\".el-column {\\npadding-right:35px;\\n}\\n\\n@media only screen and (max-width: 600px) {\\n  .el-column {\\npadding-right:0px;\\n}\\n}\",\"image_position\":\"center-center\",\"position_sticky_breakpoint\":\"m\",\"width_medium\":\"2-3\"},\"children\":[{\"type\":\"image\",\"props\":{\"attributes\":\"uk-lightbox\",\"image\":\"wp-content\/uploads\/2026\/02\/CE850-106P-scaled.jpg\",\"image_alt\":\"Zentrum St. Nicolai, Frankfurt \u2013 Gemeindezentrum und Wohnungsbau\",\"image_svg_color\":\"emphasis\",\"link\":\"wp-content\/uploads\/2026\/02\/CE850-106P-scaled.jpg\",\"margin_bottom\":\"default\",\"margin_top\":\"default\"}}]},{\"type\":\"column\",\"props\":{\"image_position\":\"center-center\",\"position_sticky_breakpoint\":\"m\",\"width_medium\":\"1-3\"},\"children\":[{\"type\":\"headline\",\"props\":{\"content\":\"Zentrum St. Nikolai Frankfurt\",\"content_en_us\":\"St. Nicolai Center Frankfurt\",\"image_align\":\"left\",\"image_margin\":\"xsmall\",\"title_element\":\"h1\"}},{\"type\":\"image\",\"props\":{\"image\":\"wp-content\/uploads\/2024\/11\/ZSN-210106-Schwarzplan_AUSSCHNITT.jpg\",\"image_svg_color\":\"emphasis\",\"margin_bottom\":\"default\",\"margin_top\":\"default\",\"position\":\"relative\",\"position_top\":\"20\"}},{\"type\":\"text\",\"props\":{\"column_breakpoint\":\"m\",\"content\":\"\n\n<h3>Projekt-Daten<\/h3>\n\n\",\"content_en_us\":\"\n\n<p>Project Data<\/p>\n\n\",\"css\":\".el-element {\\ncolor:#000;\\nfont-size:15px;\\nfont-weight:300;\\n}\",\"margin_bottom\":\"remove\",\"margin_top\":\"large\"}},{\"type\":\"description_list\",\"props\":{\"column_breakpoint\":\"m\",\"css\":\".el-item {\\nmargin:10;\\ncolor:#000;\\nfont-size:15px;\\n}\\n\\n.el-content {\\nfont-size:15px;\\nfont-weight:300 !important;\\ntext-align:right;\\n}\\n\\n.el-title {\\nfont-weight:500 !important;\\n}\\n\\n\",\"layout\":\"grid-2\",\"list_element\":\"ul\",\"meta_align\":\"below-content\",\"meta_style\":\"text-meta\",\"show_content\":true,\"show_link\":true,\"show_meta\":true,\"show_title\":true,\"title_element\":\"div\",\"title_grid_column_gap\":\"collapse\",\"title_grid_row_gap\":\"small\",\"title_grid_width\":\"expand\"},\"children\":[{\"type\":\"description_list_item\",\"props\":{\"content\":\"\n\n<p>Zvonko Turkali Architekten<\/p>\n\n\",\"content_en_us\":\"\n\n<p>Zvonko Turkali Architekten<\/p>\n\n\",\"title\":\"Planung:\",\"title_en_us\":\"Planning & Site Management\"}},{\"type\":\"description_list_item\",\"props\":{\"content\":\"\n\n<p>Ev. Regionalverband Frankfurt\/Offenbach<br \/>Baugenossenschaft Frankfurt am Main eG<\/p>\n\n\",\"content_en_us\":\"\n\n<p>Ev. Regionalverband Frankfurt\/Offenbach<br \/>Baugenossenschaft Frankfurt am Main eG<\/p>\n\n\",\"title\":\"Bauherr:\",\"title_en_us\":\"Client:\"}},{\"type\":\"description_list_item\",\"props\":{\"content\":\"\n\n<p>Waldschmidtstr.116, Frankfurt am Main<\/p>\n\n\",\"content_en_us\":\"\n\n<p>Waldschmidtstr.116, Frankfurt am Main<\/p>\n\n\",\"title\":\"Standort:\",\"title_en_us\":\"Location: \"}},{\"type\":\"description_list_item\",\"props\":{\"content\":\"Christian Eblenkamp\",\"content_en_us\":\"Christian Eblenkamp\",\"title\":\"Fotografie:\",\"title_en_us\":\"Photographie:\"}}]}]}]}],\"name\":\"Header-Section-Start\"},{\"type\":\"section\",\"props\":{\"image_position\":\"center-center\",\"style\":\"default\",\"title_breakpoint\":\"xl\",\"title_position\":\"top-left\",\"title_rotation\":\"left\",\"vertical_align\":\"\",\"width\":\"default\"},\"children\":[{\"type\":\"row\",\"children\":[{\"type\":\"column\",\"props\":{\"image_position\":\"center-center\",\"position_sticky_breakpoint\":\"m\"},\"children\":[{\"type\":\"text\",\"props\":{\"column\":\"1-3\",\"column_breakpoint\":\"m\",\"content\":\"\n\n<p>Zwischen Kirche und neu geplantem Wohngeb\u00e4ude entsteht ein neuer Hofraum. Dieser Raum ist ein besonderer Ort, ein \u00dcbergangsraum von der Stra\u00dfe in das Gemeindezentrum und die Kirche. Dieser unter einer gro\u00dfen ovalen \u00d6ffnung definierte Hofraum ist f\u00fcr vielseitige Aktivit\u00e4ten geeignet, zumal der Gemeindesaal- und die Gruppenr\u00e4ume direkt angrenzend geplant sind. An sch\u00f6nen Sonnentagen k\u00f6nnen die R\u00e4ume vollst\u00e4ndig zum Hof ge\u00f6ffnet werden. Zwischen Innen und Au\u00dfen entsteht somit ein r\u00e4umliches Kontinuum ohne Stufen, ohne Grenzen. Jeder Besucher, unabh\u00e4ngig vom Alter, des kulturellen und sozialen Hintergrunds sowie Interessen ist willkommen.<\/p>\n\n\\n\n\n<p>Das identit\u00e4tspr\u00e4gende Element des Hofes ist ein neu gepflanzter, gro\u00dfkroniger Laubbaum. Um seinen Stamm herum kann eine Sand- oder Rasenfl\u00e4che entstehen, die als Spielplatz f\u00fcr die Kleinsten dient. Bedingt durch die N\u00e4he der neuen K\u00fcche kann der Hof als kleine Caf\u00e9terrasse genutzt werden.<\/p>\n\n\\n\n\n<p>Wir sehen das Gemeindehaus als Teil der Kirche: Der Zugang in das Gemeindehaus erfolgt sowohl vom Hof aus, als auch aus der Kirche. So dient das Seitenschiff der Kirche der Erschlie\u00dfung vom Gemeindesaal, samt dem angrenzenden Gruppenraum. Hiermit wird die enge Verkn\u00fcpfung zwischen Gemeindehaus und Kirche herausgestellt und zugleich eine Fl\u00e4che in ihrer Nutzung optimiert. Zu beiden Seiten des Mittelschiffs der Kirche ist eine gefaltete, bemalte Glaswand vorgesehen. Auf der einen Seite kann dadurch das Gemeindehaus bei Bedarf sowohl akustisch, als auch visuell vom Kirchenraum abgetrennt werden. Auf der anderen Seite des Mittelschiffs entsteht ein zus\u00e4tzlicher Gruppenraum.<\/p>\n\n\\n\n\n<p>Die hohe Flexibilit\u00e4t in der Nutzung vom Gemeindesaal und Gruppenraum 1 wird durch ein mit perforiertem Eichenholz beplanktem, quer zum Raum angeordnetem Wandelement unterst\u00fctzt. Stufenlos \u00fcber die Tiefe des Raumes bewegt, kann der etwa 145 qm gro\u00dfe Saal in zwei je nach Erfordernis gro\u00dfe, eigenst\u00e4ndig erschlossene Einheiten unterteilt werden.<\/p>\n\n\\n\n\n<p>Zu weiteren <a href=\\\"https:\/\/www.turkali-architekten.de\/de\/projekte\/oeffentliche-bauten\/\\\">\u00d6ffentlichen Bauten<\/a><\/p>\n\n\",\"content_en_us\":\"\n\n<p>A new courtyard space is being created between the church and the newly planned residential building. This space is a special place, a transitional space from the street to the community center and church. This courtyard space, defined under a large oval opening, is suitable for a variety of activities, especially since the community hall and group rooms are planned directly adjacent. On nice sunny days the rooms can be completely opened up to the courtyard. A spatial continuum without steps and without boundaries is created between inside and outside. Every visitor, regardless of age, cultural and social background or interests, is welcome.<\/p>\n\n\\n\n\n<p>The identity-defining element of the farm is a newly planted, large-crowned deciduous tree. A sand or grass area can be created around its trunk, which serves as a playground for the little ones. Due to the proximity of the new kitchen, the courtyard can be used as a small caf\u00e9 terrace.<\/p>\n\n\\n\n\n<p>We see the community center as part of the church: Access to the community center is from both the courtyard and the church. The side aisle of the church serves as access to the community hall, including the adjacent group room. This highlights the close connection between the community center and the church and at the same time optimizes the use of an area. A folded, painted glass wall is provided on either side of the church's central nave. On the one hand, if necessary, the community center can be separated from the church space both acoustically and visually. An additional group room will be created on the other side of the central nave.<\/p>\n\n\\n\n\n<p>The high flexibility in the use of the community hall and group room 1 is supported by a wall element covered with perforated oak wood and arranged across the room. Moved smoothly across the depth of the room, the approximately 145 square meter hall can be divided into two independently accessible units, depending on requirements.<\/p>\n\n\",\"margin_bottom\":\"default\",\"margin_top\":\"default\"}}]}]}],\"name\":\"Text_3-spaltig\"},{\"type\":\"section\",\"props\":{\"image_position\":\"center-center\",\"padding_bottom\":\"none\",\"padding_remove_horizontal\":false,\"padding_top\":\"none\",\"style\":\"default\",\"title_breakpoint\":\"xl\",\"title_position\":\"top-left\",\"title_rotation\":\"left\",\"vertical_align\":\"\",\"width\":\"default\"},\"children\":[{\"type\":\"row\",\"props\":{\"layout\":\"1-2,1-2\",\"row_gap\":\"collapse\"},\"children\":[{\"type\":\"column\",\"props\":{\"image_position\":\"center-center\",\"position_sticky_breakpoint\":\"m\",\"width_medium\":\"1-2\"},\"children\":[{\"type\":\"panel\",\"props\":{\"content\":\"\",\"content_column_breakpoint\":\"m\",\"image\":\"wp-content\/uploads\/2026\/02\/Zentrum-St.-Nicolai-Strassenansicht-scaled.jpg\",\"image_align\":\"top\",\"image_alt\":\"Zentrum St. Nicolai Stra\u00dfenansicht \",\"image_grid_breakpoint\":\"m\",\"image_grid_width\":\"1-2\",\"image_svg_color\":\"emphasis\",\"link\":\"wp-content\/uploads\/2024\/11\/zsn_skizze.jpg\",\"link_style\":\"default\",\"link_text\":\"\",\"margin_bottom\":\"default\",\"margin_top\":\"default\",\"meta_align\":\"below-title\",\"meta_element\":\"div\",\"meta_style\":\"text-meta\",\"title\":\"Stra\u00dfenansicht \",\"title_align\":\"top\",\"title_element\":\"h3\",\"title_grid_breakpoint\":\"m\",\"title_grid_width\":\"1-2\",\"title_hover_style\":\"reset\"}}]},{\"type\":\"column\",\"props\":{\"image_position\":\"center-center\",\"position_sticky_breakpoint\":\"m\",\"width_medium\":\"1-2\"}}]}],\"name\":\"grid-wechsel_1-2_left-top-down\"},{\"type\":\"section\",\"props\":{\"image_position\":\"center-center\",\"padding_bottom\":\"none\",\"padding_remove_horizontal\":false,\"padding_top\":\"none\",\"style\":\"default\",\"title_breakpoint\":\"xl\",\"title_position\":\"top-left\",\"title_rotation\":\"left\",\"vertical_align\":\"\",\"width\":\"default\"},\"children\":[{\"type\":\"row\",\"children\":[{\"type\":\"column\",\"props\":{\"image_position\":\"center-center\",\"position_sticky_breakpoint\":\"m\",\"width_medium\":\"1-5\"}},{\"type\":\"column\",\"props\":{\"image_position\":\"center-center\",\"position_sticky_breakpoint\":\"m\",\"width_medium\":\"3-5\"},\"children\":[{\"type\":\"panel\",\"props\":{\"attributes\":\"uk-lightbox\",\"content_column_breakpoint\":\"m\",\"css\":\"@media only screen and (min-width: 1150px) {\\n  .el-element {\\npadding-top:100px;\\npadding-right:40px;\\n}\\n}\\n\\n@media only screen and (max-width: 1150px) {\\n  .el-element {\\npadding-top:40px;\\npadding-left:0px;\\n}\\n}\",\"image\":\"wp-content\/uploads\/2024\/10\/turkali-st-nicolai-frankfurt-strasse-v05_6000px-scaled.jpg\",\"image_align\":\"top\",\"image_alt\":\"Visualisierung des Gemeindezentrums St. Nicolai\",\"image_grid_breakpoint\":\"m\",\"image_grid_width\":\"1-2\",\"image_svg_color\":\"emphasis\",\"image_transition\":\"scale-up\",\"image_transition_border\":false,\"link\":\"wp-content\/uploads\/2024\/10\/turkali-st-nicolai-frankfurt-strasse-v05_6000px-scaled.jpg\",\"link_style\":\"default\",\"link_text\":\"\",\"margin_bottom\":\"default\",\"margin_top\":\"default\",\"meta\":\"\",\"meta_align\":\"below-title\",\"meta_element\":\"div\",\"meta_margin\":\"remove\",\"meta_style\":\"text-meta\",\"panel_link\":true,\"title\":\"Visualisierung\",\"title_align\":\"top\",\"title_element\":\"h3\",\"title_en_us\":\"Vizualisation\",\"title_grid_breakpoint\":\"m\",\"title_grid_width\":\"1-2\",\"title_hover_style\":\"reset\",\"title_link\":true,\"title_margin\":\"small\"}}]},{\"type\":\"column\",\"props\":{\"image_position\":\"center-center\",\"position_sticky_breakpoint\":\"m\",\"width_medium\":\"1-5\"}}],\"props\":{\"layout\":\"1-5,3-5,1-5\",\"row_gap\":\"collapse\"}},{\"type\":\"row\",\"props\":{\"layout\":\"1-2,1-2\",\"row_gap\":\"collapse\"},\"children\":[{\"type\":\"column\",\"props\":{\"image_position\":\"center-center\",\"position_sticky_breakpoint\":\"m\",\"width_medium\":\"1-2\"},\"children\":[{\"type\":\"panel\",\"props\":{\"content_column_breakpoint\":\"m\",\"image\":\"wp-content\/uploads\/2026\/02\/Zentrum-St.-Nicolai-Lichteinfall-scaled-e1772187475148.jpg\",\"image_align\":\"top\",\"image_grid_breakpoint\":\"m\",\"image_grid_width\":\"1-2\",\"image_link\":true,\"image_loading\":false,\"image_svg_color\":\"emphasis\",\"image_transition\":\"scale-up\",\"link\":\"wp-content\/uploads\/2026\/02\/Zentrum-St.-Nicolai-Lichteinfall-scaled-e1772187475148.jpg\",\"link_style\":\"default\",\"link_text\":\"\",\"margin_bottom\":\"default\",\"margin_top\":\"default\",\"maxwidth\":\"medium\",\"meta_align\":\"below-title\",\"meta_element\":\"div\",\"meta_style\":\"text-meta\",\"panel_link\":false,\"position\":\"relative\",\"position_left\":\"180\",\"position_top\":\"50\",\"title_align\":\"top\",\"title_element\":\"h3\",\"title_grid_breakpoint\":\"m\",\"title_grid_width\":\"1-2\",\"title_hover_style\":\"reset\"}}]},{\"type\":\"column\",\"props\":{\"image_position\":\"center-center\",\"position_sticky_breakpoint\":\"m\",\"width_medium\":\"1-2\"},\"children\":[{\"type\":\"panel\",\"props\":{\"blend\":false,\"content\":\"\",\"content_column_breakpoint\":\"m\",\"image\":\"wp-content\/uploads\/2026\/02\/Zentrum-St.-Nicolai-Pfarrgemeinde-scaled.jpg\",\"image_align\":\"top\",\"image_alt\":\"Modell des Gemeindezentrums St. Nicolai\",\"image_grid_breakpoint\":\"m\",\"image_grid_width\":\"1-2\",\"image_svg_color\":\"emphasis\",\"link\":\"wp-content\/uploads\/2024\/11\/zsn_Modell_sw.jpg\",\"link_style\":\"default\",\"link_text\":\"\",\"margin_bottom\":\"\",\"margin_top\":\"\",\"meta_align\":\"below-title\",\"meta_element\":\"div\",\"meta_style\":\"text-meta\",\"position\":\"relative\",\"position_bottom\":\"-50\",\"title\":\"Pfarrgemeinde\",\"title_align\":\"top\",\"title_element\":\"h3\",\"title_grid_breakpoint\":\"m\",\"title_grid_width\":\"1-2\",\"title_hover_style\":\"reset\"}}]}]}],\"name\":\"grid-wechsel_1-2_left-top-down\"},{\"type\":\"section\",\"props\":{\"image_position\":\"center-center\",\"padding_bottom\":\"large\",\"padding_remove_horizontal\":false,\"padding_top\":\"none\",\"style\":\"default\",\"title_breakpoint\":\"xl\",\"title_position\":\"top-left\",\"title_rotation\":\"left\",\"vertical_align\":\"\",\"width\":\"default\"},\"children\":[{\"type\":\"row\",\"children\":[{\"type\":\"column\",\"props\":{\"image_position\":\"center-center\",\"position_sticky_breakpoint\":\"m\",\"width_medium\":\"5-6\",\"width_small\":\"1-1\"},\"children\":[{\"type\":\"panel\",\"props\":{\"animation\":\"scale-up\",\"blend\":false,\"content\":\"\",\"content_column_breakpoint\":\"m\",\"height_expand\":false,\"image\":\"wp-content\/uploads\/2026\/02\/Zentrum-St.-Nicolai-Gemeindesaal-scaled.jpg\",\"image_align\":\"top\",\"image_alt\":\"Zentrum St. Nicolai Gemeindesaal\",\"image_grid_breakpoint\":\"\",\"image_grid_column_gap\":\"small\",\"image_grid_width\":\"1-2\",\"image_loading\":false,\"image_margin\":\"large\",\"image_svg_color\":\"emphasis\",\"image_svg_inline\":false,\"image_text_color\":\"dark\",\"image_vertical_align\":false,\"link\":\"wp-content\/uploads\/2026\/02\/Zentrum-St.-Nicolai-Gemeindesaal-scaled.jpg\",\"link_style\":\"default\",\"link_text\":\"\",\"margin_bottom\":\"default\",\"margin_top\":\"default\",\"meta_align\":\"below-title\",\"meta_element\":\"div\",\"meta_style\":\"text-meta\",\"position\":\"relative\",\"position_bottom\":\"-120\",\"position_left\":\"-150\",\"title\":\"Gemeindesaal\",\"title_align\":\"top\",\"title_element\":\"h3\",\"title_en_us\":\"View of residential building south\",\"title_grid_breakpoint\":\"m\",\"title_grid_width\":\"1-2\",\"title_hover_style\":\"reset\"}}]},{\"type\":\"column\",\"props\":{\"image_position\":\"center-center\",\"position_sticky_breakpoint\":\"m\",\"width_medium\":\"1-6\",\"width_small\":\"1-5\"}}],\"props\":{\"layout\":\"5-6,1-6|4-5,1-5\",\"row_gap\":\"collapse\",\"width\":\"small\"}},{\"type\":\"row\",\"children\":[{\"type\":\"column\",\"props\":{\"image_position\":\"center-center\",\"position_sticky_breakpoint\":\"m\"},\"children\":[{\"type\":\"panel\",\"props\":{\"content\":\"\",\"content_align\":false,\"content_column_breakpoint\":\"m\",\"content_margin\":\"small\",\"height_expand\":false,\"image\":\"wp-content\/uploads\/2026\/02\/Zentrum-St.-Nicolai-Seitenschiff-scaled.jpg\",\"image_align\":\"top\",\"image_alt\":\"Zentrum St. Nicolai Seitenschiff \",\"image_grid_breakpoint\":\"m\",\"image_grid_width\":\"1-2\",\"image_loading\":false,\"image_svg_color\":\"emphasis\",\"image_svg_inline\":false,\"link\":\"wp-content\/uploads\/2026\/02\/Zentrum-St.-Nicolai-Seitenschiff-scaled.jpg\",\"link_style\":\"default\",\"link_text\":\"\",\"margin_bottom\":\"default\",\"margin_top\":\"default\",\"maxwidth\":\"2xlarge\",\"meta_align\":\"below-title\",\"meta_element\":\"div\",\"meta_style\":\"text-meta\",\"position\":\"relative\",\"position_bottom\":\"-110\",\"position_right\":\"-470\",\"text_align\":\"left\",\"title\":\"Seitenschiff\",\"title_align\":\"top\",\"title_element\":\"h3\",\"title_grid_breakpoint\":\"m\",\"title_grid_width\":\"1-2\",\"title_hover_style\":\"reset\"}}]}]}],\"name\":\"grid-wechsel_1-2_right-down-top\"},{\"type\":\"section\",\"props\":{\"image_position\":\"center-center\",\"padding_bottom\":\"none\",\"padding_remove_horizontal\":false,\"padding_top\":\"none\",\"style\":\"default\",\"title_breakpoint\":\"xl\",\"title_position\":\"top-left\",\"title_rotation\":\"left\",\"vertical_align\":\"\",\"width\":\"default\"},\"children\":[{\"type\":\"row\",\"children\":[{\"type\":\"column\",\"props\":{\"image_position\":\"center-center\",\"position_sticky_breakpoint\":\"m\",\"width_medium\":\"1-5\"}},{\"type\":\"column\",\"props\":{\"image_position\":\"center-center\",\"position_sticky_breakpoint\":\"m\",\"width_medium\":\"3-5\"},\"children\":[{\"type\":\"panel\",\"props\":{\"content_column_breakpoint\":\"m\",\"image\":\"wp-content\/uploads\/2026\/02\/Zentrum-St.-Nicolai-Eingang-Wohnhaus-scaled.jpg\",\"image_align\":\"top\",\"image_alt\":\"Zentrum St. Nicolai Wohnhaus Turkali Architekten\",\"image_grid_breakpoint\":\"m\",\"image_grid_width\":\"1-2\",\"image_svg_color\":\"emphasis\",\"image_transition\":\"scale-up\",\"image_transition_border\":false,\"link\":\"wp-content\/uploads\/2026\/02\/Zentrum-St.-Nicolai-Eingang-Wohnhaus-scaled.jpg\",\"link_style\":\"default\",\"link_text\":\"\",\"margin_bottom\":\"default\",\"margin_top\":\"default\",\"meta\":\"\",\"meta_align\":\"below-title\",\"meta_element\":\"div\",\"meta_margin\":\"remove\",\"meta_style\":\"text-meta\",\"panel_link\":true,\"title\":\"Wohnhaus Eingang\",\"title_align\":\"top\",\"title_element\":\"h3\",\"title_en_us\":\"Vizualisation\",\"title_grid_breakpoint\":\"m\",\"title_grid_width\":\"1-2\",\"title_hover_style\":\"reset\",\"title_link\":true,\"title_margin\":\"small\"}}]},{\"type\":\"column\",\"props\":{\"image_position\":\"center-center\",\"position_sticky_breakpoint\":\"m\",\"width_medium\":\"1-5\"}}],\"props\":{\"layout\":\"1-5,3-5,1-5\",\"row_gap\":\"collapse\"}},{\"type\":\"row\",\"props\":{\"layout\":\"1-2,1-2\",\"row_gap\":\"collapse\"},\"children\":[{\"type\":\"column\",\"props\":{\"image_position\":\"center-center\",\"position_sticky_breakpoint\":\"m\",\"width_medium\":\"1-2\"},\"children\":[{\"type\":\"panel\",\"props\":{\"content_column_breakpoint\":\"m\",\"image\":\"wp-content\/uploads\/2026\/02\/Zentrum-St.-Nicolai-Blick-auf-die-Skyline-scaled-e1772188497569.jpg\",\"image_align\":\"top\",\"image_alt\":\"Zentrum St. Nicolai Skyline Turkali Architekten\",\"image_grid_breakpoint\":\"m\",\"image_grid_width\":\"1-2\",\"image_svg_color\":\"emphasis\",\"link\":\"wp-content\/uploads\/2026\/02\/Zentrum-St.-Nicolai-Blick-auf-die-Skyline-scaled-e1772188406980.jpg\",\"link_style\":\"default\",\"link_text\":\"\",\"margin_bottom\":\"default\",\"margin_top\":\"default\",\"maxwidth\":\"large\",\"meta_align\":\"below-title\",\"meta_element\":\"div\",\"meta_style\":\"text-meta\",\"position\":\"relative\",\"position_left\":\"70\",\"position_top\":\"50\",\"title\":\"Blick auf die Skyline\",\"title_align\":\"top\",\"title_element\":\"h3\",\"title_grid_breakpoint\":\"m\",\"title_grid_width\":\"1-2\",\"title_hover_style\":\"reset\"}}]},{\"type\":\"column\",\"props\":{\"image_position\":\"center-center\",\"position_sticky_breakpoint\":\"m\",\"width_medium\":\"1-2\"},\"children\":[{\"type\":\"panel\",\"props\":{\"blend\":false,\"content\":\"\",\"content_column_breakpoint\":\"m\",\"image\":\"wp-content\/uploads\/2026\/02\/Zentrum-St.-Nicolai-Wohnhaus-Treppenhaus-scaled.jpg\",\"image_align\":\"top\",\"image_alt\":\"Zentrum St. Nicolai in Frankfurt Wohnhaus Treppenhau\",\"image_grid_breakpoint\":\"m\",\"image_grid_width\":\"1-2\",\"image_svg_color\":\"emphasis\",\"link\":\"wp-content\/uploads\/2026\/02\/Zentrum-St.-Nicolai-Wohnhaus-Treppenhaus-scaled.jpg\",\"link_style\":\"default\",\"link_text\":\"\",\"margin_bottom\":\"\",\"margin_top\":\"\",\"meta_align\":\"below-title\",\"meta_element\":\"div\",\"meta_style\":\"text-meta\",\"position\":\"relative\",\"position_bottom\":\"-50\",\"title\":\"Wohnhaus Treppenhaus\",\"title_align\":\"top\",\"title_element\":\"h3\",\"title_grid_breakpoint\":\"m\",\"title_grid_width\":\"1-2\",\"title_hover_style\":\"reset\"}}]}]}],\"name\":\"grid-wechsel_1-2_left-top-down\"}],\"version\":\"5.0.15\"} --><\/p>\n","protected":false},"excerpt":{"rendered":"<p>Zentrum St. Nikolai Frankfurt Projekt-Daten Planung: Zvonko Turkali Architekten Bauherr: Ev. Regionalverband Frankfurt\/OffenbachBaugenossenschaft Frankfurt am Main eG Standort: Waldschmidtstr.116, Frankfurt am Main Fotografie: Christian Eblenkamp Zwischen Kirche und neu geplantem Wohngeb\u00e4ude entsteht ein neuer Hofraum. Dieser Raum ist ein besonderer Ort, ein \u00dcbergangsraum von der Stra\u00dfe in das Gemeindezentrum und die Kirche. Dieser unter einer [&hellip;]<\/p>\n","protected":false},"author":4,"featured_media":5688,"comment_status":"closed","ping_status":"closed","sticky":false,"template":"","format":"standard","meta":{"footnotes":""},"categories":[18,19],"tags":[17,24],"class_list":["post-5684","post","type-post","status-publish","format-standard","has-post-thumbnail","hentry","category-oeffentliche-bauten","category-wohnungsbau","tag-oeffentliche-bauten","tag-wohnungsbau"],"_links":{"self":[{"href":"https:\/\/www.turkali-architekten.de\/en\/wp-json\/wp\/v2\/posts\/5684","targetHints":{"allow":["GET"]}}],"collection":[{"href":"https:\/\/www.turkali-architekten.de\/en\/wp-json\/wp\/v2\/posts"}],"about":[{"href":"https:\/\/www.turkali-architekten.de\/en\/wp-json\/wp\/v2\/types\/post"}],"author":[{"embeddable":true,"href":"https:\/\/www.turkali-architekten.de\/en\/wp-json\/wp\/v2\/users\/4"}],"replies":[{"embeddable":true,"href":"https:\/\/www.turkali-architekten.de\/en\/wp-json\/wp\/v2\/comments?post=5684"}],"version-history":[{"count":97,"href":"https:\/\/www.turkali-architekten.de\/en\/wp-json\/wp\/v2\/posts\/5684\/revisions"}],"predecessor-version":[{"id":7949,"href":"https:\/\/www.turkali-architekten.de\/en\/wp-json\/wp\/v2\/posts\/5684\/revisions\/7949"}],"wp:featuredmedia":[{"embeddable":true,"href":"https:\/\/www.turkali-architekten.de\/en\/wp-json\/wp\/v2\/media\/5688"}],"wp:attachment":[{"href":"https:\/\/www.turkali-architekten.de\/en\/wp-json\/wp\/v2\/media?parent=5684"}],"wp:term":[{"taxonomy":"category","embeddable":true,"href":"https:\/\/www.turkali-architekten.de\/en\/wp-json\/wp\/v2\/categories?post=5684"},{"taxonomy":"post_tag","embeddable":true,"href":"https:\/\/www.turkali-architekten.de\/en\/wp-json\/wp\/v2\/tags?post=5684"}],"curies":[{"name":"wp","href":"https:\/\/api.w.org\/{rel}","templated":true}]}}