{"id":4577,"date":"2024-08-12T11:37:05","date_gmt":"2024-08-12T09:37:05","guid":{"rendered":"http:\/\/s992978995.online.de\/?p=4577"},"modified":"2026-04-20T10:16:49","modified_gmt":"2026-04-20T08:16:49","slug":"juedische-akademie-frankfurt","status":"publish","type":"post","link":"https:\/\/www.turkali-architekten.de\/de\/juedische-akademie-frankfurt\/","title":{"rendered":"J\u00fcdische Akademie Frankfurt"},"content":{"rendered":"<p><a href=\"\/wp-content\/uploads\/2024\/04\/Visualisierung_web-scaled.jpg\"><img decoding=\"async\" src=\"\/wp-content\/uploads\/2024\/04\/Visualisierung_web-scaled.jpg\" alt=\"J\u00fcdische Akademie Frankfurt am Main, Neubau von Zvonko Turkali Architekten\"><\/a><\/p>\n<h1>Die J\u00fcdische Akademie<\/h1>\n<p><img decoding=\"async\" src=\"\/wp-content\/uploads\/2024\/04\/Schwarzplan-neu-scaled.jpg\" alt=\"\"><\/p>\n<div>Projekt-Daten<\/div>\n<ul>\n<li>\n<h3>Planung:<\/h3>\n<div>\n<p>Zvonko Turkali Architekten<\/p>\n<\/div>\n<\/li>\n<li>\n<h3>Bauherr:<\/h3>\n<div>\n<p>Bauherr Zentralrat der Juden <br \/>in Deutschland K.d.\u00f6.R.<\/p>\n<\/div>\n<\/li>\n<li>\n<h3>Standort:<\/h3>\n<div>\n<p>Senckenberganlage 9 \u2013 11, Frankfurt <\/p>\n<\/div>\n<\/li>\n<li>\n<h3>Bauzeit:<\/h3>\n<div>\n<p>im Bau<\/p>\n<\/div>\n<\/li>\n<\/ul>\n<div>\n<p>Auf dem Gel\u00e4nde des ehemaligen Kulturcampus in der Senckenberganlage 11 in Frankfurt am Main ist die J\u00fcdische Akademie beheimatet. Die Akademie besteht aus einem Bestandsgeb\u00e4ude und einem Neubau, die durch einen eingeschossigen, verglasten Bauk\u00f6rper miteinander verbunden sind. Dieser nimmt das Foyer auf und bildet die Adresse der neuen Akademie. Das Bestandsgeb\u00e4ude, eine um 1910 im neoklassizistischen Stil errichtete Villa, wurde zum Ende des zweiten Weltkrieges zerst\u00f6rt und kurz danach wiederaufgebaut. K\u00fcnftig beherbergt das Erdgeschoss ein koscheres Caf\u00e9 mit M\u00f6beln der Gebr\u00fcder Thonet, einen repr\u00e4sentativen Besprechungsraum und eine Terrasse. Im Obergeschoss sind B\u00fcror\u00e4ume f\u00fcr die Verwaltung sowie eine kleine Bibliothek untergebracht. Die Fassade des Altbaus ist im denkmalpflegerischen Sinne behutsam saniert worden, das Innere ist modernisiert und den neuen r\u00e4umlichen Bed\u00fcrfnissen angepasst worden. Der Altbau tr\u00e4gt im Ausdruck das Echo des Neoklassizismus in sich. Der Neubau nimmt auf insgesamt f\u00fcnf Ebenen ganz unterschiedliche Nutzungen auf.<\/p>\n<\/p>\n<h3>Zugeh\u00f6rige Nachrichten<\/h3>\n<p class=\"uk-position-relative\" data-id=\"page#0-1-0-0\"><a href=\"https:\/\/www.turkali-architekten.de\/de\/aktuelles\/juedische-akademie-frankfurt-schabbat-modus\/\">J\u00fcdische Akademie Frankfurt im Schabbat-Modus<\/a><\/p>\n<p class=\"uk-position-relative\" data-id=\"page#0-1-0-0\"><a href=\"https:\/\/www.turkali-architekten.de\/de\/aktuelles\/juedische-akademie-frankfurt-richtfest\/\">J\u00fcdische Akademie Frankfurt feiert Richtfest<\/a><\/p>\n<p class=\"uk-position-relative\" data-id=\"page#0-1-0-0\"><a href=\"https:\/\/www.turkali-architekten.de\/de\/aktuelles\/juedische-akademie-frankfurt-besuch-zentralrat\">Baustellenbesichtigung der J\u00fcdischen Akademie Frankfurt<\/a><\/p>\n<p><a href=\"https:\/\/www.turkali-architekten.de\/de\/juedische-akademie-frankfurt-spatenstich\/\">Erster Spatenstich l\u00e4utet Baubeginn f\u00fcr J\u00fcdische Akademie Frankfurt ein<\/a><\/p>\n<p data-id=\"page#0-1-0-0\"><a class=\"uk-margin-remove-last-child\" href=\"https:\/\/www.turkali-architekten.de\/de\/aktuelles\/juedische-akademie-frankfurt-bauschild\">Bauschild der J\u00fcdischen Akademie Frankfurt offiziell enth\u00fcllt<\/a><\/p>\n<\/div>\n<div>\n<p>Das Erdgeschoss beinhaltet einen multifunktionalen Empfangsraum, der f\u00fcr unterschiedlichste Aktivit\u00e4ten wie Empf\u00e4nge, Ausstellungen oder Seminare geeignet ist. Der Raum ist in seiner Erscheinung wandelbar\u2009\u2013\u2009seine W\u00e4nde k\u00f6nnen dem Anlass entsprechend farblich angepasst werden. Durch seine Lage im Erdgeschoss und seine Glasfassade ist der Empfangsraum von au\u00dfen einsehbar und damit der \u00f6ffentlichste Ort des gesamten Neubaus. Die zweischalige aufgebaute Glasfassade nimmt einen \u00fcber die gesamte L\u00e4ngsseite verlaufenden Lichthof auf. Im Untergeschoss ist ein gro\u00dfer Speisesaal mit festeingebauten Sitzm\u00f6beln gelegen, der \u00fcber einen ovalen Wasserhof und den Lichthof im Erdgeschoss mit Tageslicht versorgt wird. Florale Wandtapeten, zahlreiche Wandspiegel, M\u00f6bel aus Holz und gepolsterte Sitzb\u00e4nke und St\u00fchle verleihen dem Saal die Anmutung eines Wiener Caf\u00e9hauses. Der prominenteste Ort des Geb\u00e4udes ist ein gro\u00dfer, in monochromen Blau gehaltener rund 240 Quadratmeter gro\u00dfer Saal im ersten Obergeschoss, der so genannte Akademiesaal. Mit mehr als f\u00fcnf Metern H\u00f6he ist dies der h\u00f6chste Raum der Akademie.<\/p>\n<\/div>\n<div>\n<p>Die Glasfassadenkonstruktion im Inneren ist verspiegelt und wirkt dadurch leicht und entmaterialisiert. Zudem reflektiert sie das Gr\u00fcn der angrenzenden B\u00e4ume. An gespanntes Tuch erinnernder Plafond zeigt an seinen R\u00e4ndern ovale Lichtquellen, die den Saal im Zusammenspiel mit den Vorh\u00e4ngen in unterschiedliche Stimmungen versetzen lassen. Die Atmosph\u00e4re chargiert vom Tageslichtraum f\u00fcr Konferenzen \u00fcber einen introvertierten Filmvorf\u00fchrungsraum bin hin zum elegant anmutenden Wohnzimmer f\u00fcr festliche Veranstaltungen. Dem Akademiesaal ist ein gro\u00dfz\u00fcgiges Foyer vorgelagert. In einem darauffolgenden Zwischengeschoss sind Nebenr\u00e4ume f\u00fcr Dolmetscher*innen und Regie untergebracht, das dar\u00fcber liegende Geschoss beherbergt vier Seminarr\u00e4ume, deren raumhohe Verglasung gepaart mit den hellen Wand- und Deckenoberfl\u00e4chen die R\u00e4umlichkeiten zu attraktiven Tageslichtr\u00e4umen macht. In der obersten Etage l\u00e4dt eine Lounge mit einer an der Spitze des Geb\u00e4udes positionierten Loggia zum Verweilen ein. Ausgestattet mit bequemen Sofas und Sesseln und dekorativen Stehleuchten fungiert sie als Ort des R\u00fcckzugs. Das Dach ist teilweise begr\u00fcnt, teilweise als Terrasse ausgebildet. Von hier aus genie\u00dft man einen unverwechselbaren Blick auf die Frankfurter Skyline. Die Fassade des Neubaus ist im Sockelbereich geschosshoch durch beige eingef\u00e4rbte Betonfertigteile bekleidet. Die sonstigen Fl\u00e4chen sind im beigen Farbton des Altbaus verputzt und st\u00e4rken damit die Ensemblewirkung des Neubaus. Das pr\u00e4gnante Geb\u00e4udeprofil stellt die Besonderheit der \u00f6ffentlichen Institution heraus: Die neue Akademie ist die erste \u00fcberregionale j\u00fcdische Institution dieser Art, die nach der Schoa errichtet wird.<\/p>\n<\/div>\n<div>\n<p>        <img decoding=\"async\" src=\"\/wp-content\/uploads\/2024\/08\/JAF_Film_Treppenhaus.png\" alt=\"J\u00fcdische Akademie Frankfurt Foyer Neubau\"><\/p>\n<h3>Treppenhaus<\/h3>\n<p><a href=\"\/wp-content\/uploads\/2024\/08\/JAF_Film_Treppenhaus.png\"><\/a><\/p>\n<\/div>\n<div>\n<p>        <img decoding=\"async\" src=\"\/wp-content\/uploads\/2024\/08\/JAF_Film_Restaurant.png\" alt=\"J\u00fcdische Akademie Frankfurt Restaurant Entwurf\"><\/p>\n<h3>Restaurant<\/h3>\n<p><a href=\"\/wp-content\/uploads\/2024\/08\/JAF_Film_Restaurant.png\"><\/a><\/p>\n<\/div>\n<div>\n<p>        <img decoding=\"async\" src=\"\/wp-content\/uploads\/2024\/08\/JAF_Film_Akademiesaal.png\" alt=\"J\u00fcdische Akademie Frankfurt Veranstaltungssaal\"><\/p>\n<h3>Akademiesaal<\/h3>\n<p><a href=\"\/wp-content\/uploads\/2024\/08\/JAF_Film_Akademiesaal.png\"><\/a><\/p>\n<\/div>\n<p><!--more--><br \/>\n<!-- {\"type\":\"layout\",\"children\":[{\"type\":\"section\",\"props\":{\"css\":\"  .el-section {\\n\\tpadding:128px 0px;\\n\\t}\\n\\n@media only screen and (max-width: 600px) {\\n  .el-section {\\n\\tpadding:20px 0px;\\n\\t}\\n}\",\"image_position\":\"center-center\",\"style\":\"default\",\"title_breakpoint\":\"xl\",\"title_position\":\"top-left\",\"title_rotation\":\"left\",\"vertical_align\":\"\",\"width\":\"default\"},\"children\":[{\"type\":\"row\",\"props\":{\"layout\":\"2-3,1-3\"},\"children\":[{\"type\":\"column\",\"props\":{\"css\":\".el-column {\\npadding-right:35px;\\n}\\n\\n@media only screen and (max-width: 600px) {\\n  .el-column {\\npadding-right:0px;\\n}\\n}\",\"image_position\":\"center-center\",\"position_sticky_breakpoint\":\"m\",\"width_medium\":\"2-3\"},\"children\":[{\"type\":\"image\",\"props\":{\"attributes\":\"uk-lightbox\",\"image\":\"wp-content\/uploads\/2024\/04\/Visualisierung_web-scaled.jpg\",\"image_alt\":\"J\u00fcdische Akademie Frankfurt am Main, Neubau von Zvonko Turkali Architekten\",\"image_svg_color\":\"emphasis\",\"link\":\"wp-content\/uploads\/2024\/04\/Visualisierung_web-scaled.jpg\",\"margin_bottom\":\"default\",\"margin_top\":\"default\"}}]},{\"type\":\"column\",\"props\":{\"image_position\":\"center-center\",\"position_sticky_breakpoint\":\"m\",\"width_medium\":\"1-3\"},\"children\":[{\"type\":\"headline\",\"props\":{\"content\":\"Die J\u00fcdische Akademie\",\"content_en_us\":\"Die J\u00fcdische Akademie\",\"image_align\":\"left\",\"image_margin\":\"xsmall\",\"title_element\":\"h1\"}},{\"type\":\"image\",\"props\":{\"image\":\"wp-content\/uploads\/2024\/04\/Schwarzplan-neu-scaled.jpg\",\"image_svg_color\":\"emphasis\",\"margin_bottom\":\"default\",\"margin_top\":\"default\",\"position\":\"relative\",\"position_top\":\"20\"}},{\"type\":\"text\",\"props\":{\"column_breakpoint\":\"m\",\"content\":\"Projekt-Daten\",\"content_en_us\":\"\n\n<p>Project data<\/p>\n\n\",\"css\":\".el-element {\\ncolor:#000;\\nfont-size:15px;\\nfont-weight:300;\\n}\",\"margin_bottom\":\"remove\",\"margin_top\":\"large\"}},{\"type\":\"description_list\",\"props\":{\"column_breakpoint\":\"m\",\"css\":\".el-item {\\nmargin:0;\\ncolor:#000;\\nfont-size:15px;\\n}\\n\\n.el-content {\\nfont-size:15px;\\nfont-weight:300 !important;\\ntext-align:right;\\n}\\n\\n.el-title {\\nfont-weight:500 !important;\\n}\\n\\n\",\"layout\":\"grid-2\",\"list_element\":\"ul\",\"meta_align\":\"below-content\",\"meta_style\":\"text-meta\",\"show_content\":true,\"show_link\":true,\"show_meta\":true,\"show_title\":true,\"title_element\":\"div\",\"title_grid_column_gap\":\"collapse\",\"title_grid_row_gap\":\"small\",\"title_grid_width\":\"expand\"},\"children\":[{\"type\":\"description_list_item\",\"props\":{\"content\":\"\n\n<p>Zvonko Turkali Architekten<\/p>\n\n\",\"title\":\"Planung:\",\"title_en_us\":\"Planning:\"}},{\"type\":\"description_list_item\",\"props\":{\"content\":\"\n\n<p>Bauherr Zentralrat der Juden <br \/>in Deutschland K.d.\u00f6.R.<\/p>\n\n\",\"title\":\"Bauherr:\",\"title_en_us\":\"Client:\"}},{\"type\":\"description_list_item\",\"props\":{\"content\":\"\n\n<p>Senckenberganlage 9 \u2013 11, Frankfurt <\/p>\n\n\",\"title\":\"Standort:\",\"title_en_us\":\"Location:\"}},{\"type\":\"description_list_item\",\"props\":{\"content\":\"\n\n<p>im Bau<\/p>\n\n\",\"content_en_us\":\"\n\n<p>under construction<\/p>\n\n\",\"title\":\"Bauzeit:\",\"title_en_us\":\"Construction period:\"}}]}]}]}],\"name\":\"Projektdaten\"},{\"type\":\"section\",\"props\":{\"image_position\":\"center-center\",\"style\":\"default\",\"title_breakpoint\":\"xl\",\"title_position\":\"top-left\",\"title_rotation\":\"left\",\"vertical_align\":\"\",\"width\":\"default\"},\"children\":[{\"type\":\"row\",\"props\":{\"layout\":\"1-3,1-3,1-3\"},\"children\":[{\"type\":\"column\",\"props\":{\"image_position\":\"center-center\",\"position_sticky_breakpoint\":\"m\",\"width_medium\":\"1-3\"},\"children\":[{\"type\":\"text\",\"props\":{\"class\":\"ja-related\",\"column_breakpoint\":\"m\",\"content\":\"\n\n<p>Auf dem Gel\u00e4nde des ehemaligen Kulturcampus in der Senckenberganlage 11 in Frankfurt am Main ist die J\u00fcdische Akademie beheimatet. Die Akademie besteht aus einem Bestandsgeb\u00e4ude und einem Neubau, die durch einen eingeschossigen, verglasten Bauk\u00f6rper miteinander verbunden sind. Dieser nimmt das Foyer auf und bildet die Adresse der neuen Akademie. Das Bestandsgeb\u00e4ude, eine um 1910 im neoklassizistischen Stil errichtete Villa, wurde zum Ende des zweiten Weltkrieges zerst\u00f6rt und kurz danach wiederaufgebaut. K\u00fcnftig beherbergt das Erdgeschoss ein koscheres Caf\u00e9 mit M\u00f6beln der Gebr\u00fcder Thonet, einen repr\u00e4sentativen Besprechungsraum und eine Terrasse. Im Obergeschoss sind B\u00fcror\u00e4ume f\u00fcr die Verwaltung sowie eine kleine Bibliothek untergebracht. Die Fassade des Altbaus ist im denkmalpflegerischen Sinne behutsam saniert worden, das Innere ist modernisiert und den neuen r\u00e4umlichen Bed\u00fcrfnissen angepasst worden. Der Altbau tr\u00e4gt im Ausdruck das Echo des Neoklassizismus in sich. Der Neubau nimmt auf insgesamt f\u00fcnf Ebenen ganz unterschiedliche Nutzungen auf.<\/p>\n\n\\n\n\n\n\n\\n<br \/>\\n<br \/>\\n\n\n<h3>Zugeh\u00f6rige Nachrichten<\/h3>\n\n\\n\n\n<p class=\\\"uk-position-relative\\\" data-id=\\\"page#0-1-0-0\\\"><a href=\\\"https:\/\/www.turkali-architekten.de\/de\/aktuelles\/juedische-akademie-frankfurt-schabbat-modus\/\\\">J\u00fcdische Akademie Frankfurt im Schabbat-Modus<\/a><\/p>\n\n\\n\n\n<p class=\\\"uk-position-relative\\\" data-id=\\\"page#0-1-0-0\\\"><a href=\\\"https:\/\/www.turkali-architekten.de\/de\/aktuelles\/juedische-akademie-frankfurt-richtfest\/\\\">J\u00fcdische Akademie Frankfurt feiert Richtfest<\/a><\/p>\n\n\\n\n\n<p class=\\\"uk-position-relative\\\" data-id=\\\"page#0-1-0-0\\\"><a href=\\\"https:\/\/www.turkali-architekten.de\/de\/aktuelles\/juedische-akademie-frankfurt-besuch-zentralrat\\\">Baustellenbesichtigung der J\u00fcdischen Akademie Frankfurt<\/a><\/p>\n\n\\n\n\n<p><a href=\\\"https:\/\/www.turkali-architekten.de\/de\/juedische-akademie-frankfurt-spatenstich\/\\\">Erster Spatenstich l\u00e4utet Baubeginn f\u00fcr J\u00fcdische Akademie Frankfurt ein<\/a><\/p>\n\n\\n\n\n<p data-id=\\\"page#0-1-0-0\\\"><a class=\\\"uk-margin-remove-last-child\\\" href=\\\"https:\/\/www.turkali-architekten.de\/de\/aktuelles\/juedische-akademie-frankfurt-bauschild\\\">Bauschild der J\u00fcdischen Akademie Frankfurt offiziell enth\u00fcllt<\/a><\/p>\n\n\",\"content_en_us\":\"\n\n<p>The Jewish Academy is located on the site of the former cultural campus at Senckenberganlage 11 in Frankfurt am Main. The academy consists of an existing building and a new building, which are connected by a single-story, glazed structure. This takes up the foyer and forms the address of the new academy. The existing building, a villa built around 1910 in the neoclassical style, was destroyed at the end of the Second World War and rebuilt shortly afterwards. In the future, the ground floor will house a kosher caf\u00e9 with furniture from the Thonet brothers, a representative meeting room and a terrace. The upper floor contains office space for administration and a small library. The facade of the old building has been carefully renovated in keeping with the preservation of historical monuments, while the interior has been modernized and adapted to the new spatial needs. The old building carries the echo of neoclassicism in its expression. The new building accommodates very different uses on a total of five levels.<\/p>\n\n\\n\n\n<p>\n\n<\/p>\n\n\\n\n\n<h3>Related news<\/h3>\n\n\\n\n\n<p class=\\\"uk-position-relative\\\" data-id=\\\"page#0-1-0-0\\\"><a href=\\\"https:\/\/www.turkali-architekten.de\/en\/aktuelles\/juedische-akademie-frankfurt-schabbat-modus\/\\\">Jewish Academy Frankfurt in shabbat mode<\/a><\/p>\n\n\\n\n\n<p class=\\\"uk-position-relative\\\" data-id=\\\"page#0-1-0-0\\\"><a href=\\\"https:\/\/www.turkali-architekten.de\/en\/aktuelles\/juedische-akademie-frankfurt-richtfest\/\\\">Jewish Academy Frankfurt celebrates topping-out ceremony<\/a><\/p>\n\n\\n\n\n<p class=\\\"uk-position-relative\\\" data-id=\\\"page#0-1-0-0\\\"><a href=\\\"https:\/\/www.turkali-architekten.de\/en\/aktuelles\/juedische-akademie-frankfurt-besuch-zentralrat\\\">Construction Site Visit of the Jewish Academy Frankfurt<\/a><\/p>\n\n\\n\n\n<p data-id=\\\"page#0-1-0-0\\\"><a href=\\\"https:\/\/www.turkali-architekten.de\/en\/juedische-akademie-frankfurt-spatenstich\/\\\">Groundbreaking ceremony heralds start of construction work for Jewish Academy Frankfurt<\/a><\/p>\n\n\\n\n\n<p><a href=\\\"https:\/\/www.turkali-architekten.de\/en\/aktuelles\/juedische-akademie-frankfurt-bauschild\\\">Construction sign for the Jewish Academy Frankfurt officially unveiled<\/a><\/p>\n\n\",\"margin_bottom\":\"default\",\"margin_top\":\"default\"}}]},{\"type\":\"column\",\"props\":{\"image_position\":\"center-center\",\"position_sticky_breakpoint\":\"m\",\"width_medium\":\"1-3\"},\"children\":[{\"type\":\"text\",\"props\":{\"column_breakpoint\":\"m\",\"content\":\"\n\n<p>Das Erdgeschoss beinhaltet einen multifunktionalen Empfangsraum, der f\u00fcr unterschiedlichste Aktivit\u00e4ten wie Empf\u00e4nge, Ausstellungen oder Seminare geeignet ist. Der Raum ist in seiner Erscheinung wandelbar\u2009\u2013\u2009seine W\u00e4nde k\u00f6nnen dem Anlass entsprechend farblich angepasst werden. Durch seine Lage im Erdgeschoss und seine Glasfassade ist der Empfangsraum von au\u00dfen einsehbar und damit der \u00f6ffentlichste Ort des gesamten Neubaus. Die zweischalige aufgebaute Glasfassade nimmt einen \u00fcber die gesamte L\u00e4ngsseite verlaufenden Lichthof auf. Im Untergeschoss ist ein gro\u00dfer Speisesaal mit festeingebauten Sitzm\u00f6beln gelegen, der \u00fcber einen ovalen Wasserhof und den Lichthof im Erdgeschoss mit Tageslicht versorgt wird. Florale Wandtapeten, zahlreiche Wandspiegel, M\u00f6bel aus Holz und gepolsterte Sitzb\u00e4nke und St\u00fchle verleihen dem Saal die Anmutung eines Wiener Caf\u00e9hauses. Der prominenteste Ort des Geb\u00e4udes ist ein gro\u00dfer, in monochromen Blau gehaltener rund 240 Quadratmeter gro\u00dfer Saal im ersten Obergeschoss, der so genannte Akademiesaal. Mit mehr als f\u00fcnf Metern H\u00f6he ist dies der h\u00f6chste Raum der Akademie.<\/p>\n\n\",\"content_en_us\":\"\n\n<p>The ground floor contains a multifunctional reception room that is suitable for a wide variety of activities such as receptions, exhibitions or seminars. The room's appearance can be changed \u2013 its walls can be colored to suit the occasion. Due to its location on the ground floor and its glass facade, the reception room can be seen from the outside and is therefore the most public place in the entire new building. The double-shell glass fa\u00e7ade accommodates an atrium that runs along the entire long side. In the basement there is a large dining room with built-in seating, which is supplied with daylight via an oval water courtyard and the atrium on the ground floor. Floral wall wallpaper, numerous wall mirrors, wooden furniture and upholstered benches and chairs give the hall the feel of a Viennese caf\u00e9 house. The most prominent place in the building is a large, monochrome blue hall of around 240 square meters on the first floor, the so-called Academy Hall. At more than five meters high, this is the highest room in the academy.<\/p>\n\n\",\"margin_bottom\":\"default\",\"margin_top\":\"default\"}}]},{\"type\":\"column\",\"props\":{\"image_position\":\"center-center\",\"position_sticky_breakpoint\":\"m\",\"width_medium\":\"1-3\"},\"children\":[{\"type\":\"text\",\"props\":{\"column_breakpoint\":\"m\",\"content\":\"\n\n<p>Die Glasfassadenkonstruktion im Inneren ist verspiegelt und wirkt dadurch leicht und entmaterialisiert. Zudem reflektiert sie das Gr\u00fcn der angrenzenden B\u00e4ume. An gespanntes Tuch erinnernder Plafond zeigt an seinen R\u00e4ndern ovale Lichtquellen, die den Saal im Zusammenspiel mit den Vorh\u00e4ngen in unterschiedliche Stimmungen versetzen lassen. Die Atmosph\u00e4re chargiert vom Tageslichtraum f\u00fcr Konferenzen \u00fcber einen introvertierten Filmvorf\u00fchrungsraum bin hin zum elegant anmutenden Wohnzimmer f\u00fcr festliche Veranstaltungen. Dem Akademiesaal ist ein gro\u00dfz\u00fcgiges Foyer vorgelagert. In einem darauffolgenden Zwischengeschoss sind Nebenr\u00e4ume f\u00fcr Dolmetscher*innen und Regie untergebracht, das dar\u00fcber liegende Geschoss beherbergt vier Seminarr\u00e4ume, deren raumhohe Verglasung gepaart mit den hellen Wand- und Deckenoberfl\u00e4chen die R\u00e4umlichkeiten zu attraktiven Tageslichtr\u00e4umen macht. In der obersten Etage l\u00e4dt eine Lounge mit einer an der Spitze des Geb\u00e4udes positionierten Loggia zum Verweilen ein. Ausgestattet mit bequemen Sofas und Sesseln und dekorativen Stehleuchten fungiert sie als Ort des R\u00fcckzugs. Das Dach ist teilweise begr\u00fcnt, teilweise als Terrasse ausgebildet. Von hier aus genie\u00dft man einen unverwechselbaren Blick auf die Frankfurter Skyline. Die Fassade des Neubaus ist im Sockelbereich geschosshoch durch beige eingef\u00e4rbte Betonfertigteile bekleidet. Die sonstigen Fl\u00e4chen sind im beigen Farbton des Altbaus verputzt und st\u00e4rken damit die Ensemblewirkung des Neubaus. Das pr\u00e4gnante Geb\u00e4udeprofil stellt die Besonderheit der \u00f6ffentlichen Institution heraus: Die neue Akademie ist die erste \u00fcberregionale j\u00fcdische Institution dieser Art, die nach der Schoa errichtet wird.<\/p>\n\n\",\"content_en_us\":\"\n\n<p>The glass facade construction inside is mirrored and therefore appears light and dematerialized. It also reflects the green of the neighboring trees. The ceiling, which is reminiscent of a stretched cloth, has oval light sources on its edges, which, in conjunction with the curtains, create different moods in the hall. The atmosphere ranges from the daylight room for conferences to an introverted film screening room to the elegant living room for festive events. There is a spacious foyer in front of the academy hall. A subsequent mezzanine floor houses side rooms for interpreters and management; the floor above houses four seminar rooms, whose floor-to-ceiling glazing coupled with the bright wall and ceiling surfaces make the rooms attractive daylight rooms. On the top floor, a lounge with a loggia positioned at the top of the building invites you to linger. Equipped with comfortable sofas and armchairs and decorative floor lamps, it acts as a place of retreat. The roof is partly green and partly designed as a terrace. From here you can enjoy an unmistakable view of the Frankfurt skyline. The facade of the new building is clad floor-to-ceiling in the base area with beige-colored prefabricated concrete parts. The other areas are plastered in the beige color of the old building, thereby strengthening the ensemble effect of the new building. The striking building profile highlights the special nature of the public institution: The new academy is the first supra-regional Jewish institution of its kind to be built after the Shoah.<\/p>\n\n\",\"margin_bottom\":\"default\",\"margin_top\":\"default\"}}]}]}],\"name\":\"Text_3-spaltig\"},{\"type\":\"section\",\"props\":{\"image_position\":\"center-center\",\"padding_bottom\":\"none\",\"padding_remove_horizontal\":false,\"padding_top\":\"none\",\"style\":\"default\",\"title_breakpoint\":\"xl\",\"title_position\":\"top-left\",\"title_rotation\":\"left\",\"vertical_align\":\"\",\"width\":\"default\"},\"children\":[{\"type\":\"row\",\"children\":[{\"type\":\"column\",\"props\":{\"image_position\":\"center-center\",\"position_sticky_breakpoint\":\"m\",\"width_medium\":\"1-5\"}},{\"type\":\"column\",\"props\":{\"image_position\":\"center-center\",\"position_sticky_breakpoint\":\"m\",\"width_medium\":\"3-5\"},\"children\":[{\"type\":\"panel\",\"props\":{\"attributes\":\"uk-lightbox\",\"content\":\"\",\"content_column_breakpoint\":\"m\",\"content_en_us\":\"\n\n<p>Staircase<\/p>\n\n\",\"css\":\"@media only screen and (min-width: 1150px) {\\n  .el-element {\\npadding-top:100px;\\npadding-right:40px;\\n}\\n}\\n\\n@media only screen and (max-width: 1150px) {\\n  .el-element {\\npadding-top:40px;\\npadding-left:0px;\\n}\\n}\\n\\n.el-image {\\nfilter:sepia(0.05) saturate(40%);\\n}\",\"image\":\"wp-content\/uploads\/2024\/08\/JAF_Film_Treppenhaus.png\",\"image_align\":\"top\",\"image_alt\":\"J\u00fcdische Akademie Frankfurt Foyer Neubau\",\"image_grid_breakpoint\":\"m\",\"image_grid_width\":\"1-2\",\"image_svg_color\":\"emphasis\",\"image_transition\":\"scale-up\",\"image_transition_border\":false,\"link\":\"wp-content\/uploads\/2024\/08\/JAF_Film_Treppenhaus.png\",\"link_style\":\"default\",\"link_text\":\"\",\"margin_bottom\":\"default\",\"margin_top\":\"default\",\"meta\":\"\",\"meta_align\":\"below-title\",\"meta_element\":\"div\",\"meta_margin\":\"remove\",\"meta_style\":\"text-meta\",\"panel_link\":true,\"title\":\"Treppenhaus\",\"title_align\":\"top\",\"title_color\":\"secondary\",\"title_element\":\"h3\",\"title_grid_breakpoint\":\"m\",\"title_grid_width\":\"1-2\",\"title_hover_style\":\"reset\",\"title_link\":true,\"title_margin\":\"small\"}}]},{\"type\":\"column\",\"props\":{\"image_position\":\"center-center\",\"position_sticky_breakpoint\":\"m\",\"width_medium\":\"1-5\"}}],\"props\":{\"layout\":\"1-5,3-5,1-5\",\"row_gap\":\"collapse\"}},{\"type\":\"row\",\"props\":{\"layout\":\"1-2,1-2\",\"row_gap\":\"collapse\"},\"children\":[{\"type\":\"column\",\"props\":{\"image_position\":\"center-center\",\"position_sticky_breakpoint\":\"m\",\"width_medium\":\"1-2\"},\"children\":[{\"type\":\"panel\",\"props\":{\"attributes\":\"uk-lightbox\",\"content_column_breakpoint\":\"m\",\"css\":\"@media only screen and (max-width: 1150px) {\\n  .el-element {\\npadding-top:40px;\\npadding-left:0px;\\n}\\n}\\n\\n@media only screen and (min-width: 1150px) {\\n  .el-element {\\npadding-top:100px;\\npadding-right:60px;\\n}\\n}\\n\\n.el-image {\\nfilter:sepia(0.05) saturate(70%);\\n}\",\"image\":\"wp-content\/uploads\/2024\/08\/JAF_Film_Restaurant.png\",\"image_align\":\"top\",\"image_alt\":\"J\u00fcdische Akademie Frankfurt Restaurant Entwurf\",\"image_grid_breakpoint\":\"m\",\"image_grid_width\":\"1-2\",\"image_svg_color\":\"emphasis\",\"image_transition\":\"scale-up\",\"image_transition_border\":false,\"link\":\"wp-content\/uploads\/2024\/08\/JAF_Film_Restaurant.png\",\"link_style\":\"default\",\"link_text\":\"\",\"margin_bottom\":\"default\",\"margin_top\":\"default\",\"meta\":\"\",\"meta_align\":\"below-title\",\"meta_element\":\"div\",\"meta_margin\":\"remove\",\"meta_style\":\"text-meta\",\"panel_link\":true,\"title\":\"Restaurant\",\"title_align\":\"top\",\"title_color\":\"secondary\",\"title_element\":\"h3\",\"title_grid_breakpoint\":\"m\",\"title_grid_width\":\"1-2\",\"title_hover_style\":\"reset\",\"title_link\":true,\"title_margin\":\"small\"}}]},{\"type\":\"column\",\"props\":{\"image_position\":\"center-center\",\"position_sticky_breakpoint\":\"m\",\"width_medium\":\"1-2\"},\"children\":[{\"type\":\"panel\",\"props\":{\"attributes\":\"uk-lightbox\",\"content\":\"\",\"content_column_breakpoint\":\"m\",\"content_en_us\":\"\n\n<p>Academy hall<\/p>\n\n\",\"css\":\".el-element {\\npadding-top:120px;\\npadding-left:0px;\\n}\\n\\n@media only screen and (min-width: 1150px) {\\n  .el-element {\\npadding-top:200px;\\npadding-left:60px;\\n}\\n}\\n\\n@media only screen and (max-width: 1150px) {\\n  .el-element {\\npadding-top:40px;\\npadding-left:0px;\\n}\\n}\\n\\n.el-image {\\nfilter:sepia(0) saturate(70%);\\n}\",\"image\":\"wp-content\/uploads\/2024\/08\/JAF_Film_Akademiesaal.png\",\"image_align\":\"top\",\"image_alt\":\"J\u00fcdische Akademie Frankfurt Veranstaltungssaal\",\"image_grid_breakpoint\":\"m\",\"image_grid_width\":\"1-2\",\"image_svg_color\":\"emphasis\",\"image_transition\":\"scale-up\",\"image_transition_border\":false,\"link\":\"wp-content\/uploads\/2024\/08\/JAF_Film_Akademiesaal.png\",\"link_style\":\"default\",\"link_text\":\"\",\"margin_bottom\":\"default\",\"margin_top\":\"default\",\"meta\":\"\",\"meta_align\":\"below-title\",\"meta_element\":\"div\",\"meta_margin\":\"remove\",\"meta_style\":\"text-meta\",\"panel_link\":true,\"title\":\"Akademiesaal\",\"title_align\":\"top\",\"title_color\":\"secondary\",\"title_element\":\"h3\",\"title_grid_breakpoint\":\"m\",\"title_grid_width\":\"1-2\",\"title_hover_style\":\"reset\",\"title_link\":true,\"title_margin\":\"small\"}}]}]}],\"name\":\"grid-wechsel_1-2_left-top-down\"}],\"version\":\"5.0.15\"} --><\/p>\n","protected":false},"excerpt":{"rendered":"<p>Die J\u00fcdische Akademie Projekt-Daten Planung: Zvonko Turkali Architekten Bauherr: Bauherr Zentralrat der Juden in Deutschland K.d.\u00f6.R. Standort: Senckenberganlage 9 \u2013 11, Frankfurt Bauzeit: im Bau Auf dem Gel\u00e4nde des ehemaligen Kulturcampus in der Senckenberganlage 11 in Frankfurt am Main ist die J\u00fcdische Akademie beheimatet. Die Akademie besteht aus einem Bestandsgeb\u00e4ude und einem Neubau, die durch [&hellip;]<\/p>\n","protected":false},"author":4,"featured_media":4082,"comment_status":"closed","ping_status":"closed","sticky":false,"template":"","format":"standard","meta":{"footnotes":""},"categories":[18,30],"tags":[31,17],"class_list":["post-4577","post","type-post","status-publish","format-standard","has-post-thumbnail","hentry","category-oeffentliche-bauten","category-bildung","tag-bildung","tag-oeffentliche-bauten"],"_links":{"self":[{"href":"https:\/\/www.turkali-architekten.de\/de\/wp-json\/wp\/v2\/posts\/4577","targetHints":{"allow":["GET"]}}],"collection":[{"href":"https:\/\/www.turkali-architekten.de\/de\/wp-json\/wp\/v2\/posts"}],"about":[{"href":"https:\/\/www.turkali-architekten.de\/de\/wp-json\/wp\/v2\/types\/post"}],"author":[{"embeddable":true,"href":"https:\/\/www.turkali-architekten.de\/de\/wp-json\/wp\/v2\/users\/4"}],"replies":[{"embeddable":true,"href":"https:\/\/www.turkali-architekten.de\/de\/wp-json\/wp\/v2\/comments?post=4577"}],"version-history":[{"count":88,"href":"https:\/\/www.turkali-architekten.de\/de\/wp-json\/wp\/v2\/posts\/4577\/revisions"}],"predecessor-version":[{"id":7951,"href":"https:\/\/www.turkali-architekten.de\/de\/wp-json\/wp\/v2\/posts\/4577\/revisions\/7951"}],"wp:featuredmedia":[{"embeddable":true,"href":"https:\/\/www.turkali-architekten.de\/de\/wp-json\/wp\/v2\/media\/4082"}],"wp:attachment":[{"href":"https:\/\/www.turkali-architekten.de\/de\/wp-json\/wp\/v2\/media?parent=4577"}],"wp:term":[{"taxonomy":"category","embeddable":true,"href":"https:\/\/www.turkali-architekten.de\/de\/wp-json\/wp\/v2\/categories?post=4577"},{"taxonomy":"post_tag","embeddable":true,"href":"https:\/\/www.turkali-architekten.de\/de\/wp-json\/wp\/v2\/tags?post=4577"}],"curies":[{"name":"wp","href":"https:\/\/api.w.org\/{rel}","templated":true}]}}